{"id":1056,"date":"2017-09-20T09:00:26","date_gmt":"2017-09-20T09:00:26","guid":{"rendered":"http:\/\/www.agriturismiditalia.net\/blog\/?p=1056"},"modified":"2017-09-19T15:37:47","modified_gmt":"2017-09-19T15:37:47","slug":"garessio-vacanze-relax-cultura-piemonte","status":"publish","type":"post","link":"https:\/\/www.agriturismiditalia.net\/blog\/garessio-vacanze-relax-cultura-piemonte\/","title":{"rendered":"Garessio: vacanze di relax e cultura in Piemonte"},"content":{"rendered":"<p><strong>Garessio<\/strong> \u00e8 una localit\u00e0 molto apprezzata per le diverse opportunit\u00e0 che offre: la natura, lo sport, ma anche e soprattutto l\u2019aspetto storico-culturale. Il borgo, si trova in provincia di Cuneo e raggiunge appena una popolazione di 4000 abitanti. Anche se poco conosciuta, \u00e8 molto amata da chi ha avuto modo di entrare nel vivo delle sue molte attrattive, grazie anche alla sua posizione geografica: anche se si trova in Piemonte \u00e8 molti vicina alla <strong><a href=\"http:\/\/www.turismovacanza.net\/visitare-la-liguria-borghi-spiagge-monti\/\" target=\"_blank\" rel=\"noopener\">Liguria<\/a><\/strong>, ed \u00e8 per questo che \u00e8 possibile ammirare il verde dei boschi circostanti e l&#8217;azzurro del mare.<\/p>\n<h2>Ideale per weekend e gite fuori porta<\/h2>\n<figure id=\"attachment_1067\" aria-describedby=\"caption-attachment-1067\" style=\"width: 346px\" class=\"wp-caption alignright\"><a href=\"http:\/\/www.agriturismiditalia.net\/blog\/wp-content\/uploads\/2017\/09\/garessio-vacanze-di-relax-e-cultura-in-piemonte-2.jpg\"><img  title=\"\" loading=\"lazy\" decoding=\"async\" class=\" wp-image-1067\" src=\"http:\/\/www.agriturismiditalia.net\/blog\/wp-content\/uploads\/2017\/09\/garessio-vacanze-di-relax-e-cultura-in-piemonte-2-300x169.jpg\"  alt=\"garessio-vacanze-di-relax-e-cultura-in-piemonte-2-300x169 Garessio: vacanze di relax e cultura in Piemonte\"  width=\"346\" height=\"195\" srcset=\"https:\/\/www.agriturismiditalia.net\/blog\/wp-content\/uploads\/2017\/09\/garessio-vacanze-di-relax-e-cultura-in-piemonte-2-300x169.jpg 300w, https:\/\/www.agriturismiditalia.net\/blog\/wp-content\/uploads\/2017\/09\/garessio-vacanze-di-relax-e-cultura-in-piemonte-2-768x432.jpg 768w, https:\/\/www.agriturismiditalia.net\/blog\/wp-content\/uploads\/2017\/09\/garessio-vacanze-di-relax-e-cultura-in-piemonte-2-110x62.jpg 110w, https:\/\/www.agriturismiditalia.net\/blog\/wp-content\/uploads\/2017\/09\/garessio-vacanze-di-relax-e-cultura-in-piemonte-2-420x236.jpg 420w, https:\/\/www.agriturismiditalia.net\/blog\/wp-content\/uploads\/2017\/09\/garessio-vacanze-di-relax-e-cultura-in-piemonte-2-764x430.jpg 764w, https:\/\/www.agriturismiditalia.net\/blog\/wp-content\/uploads\/2017\/09\/garessio-vacanze-di-relax-e-cultura-in-piemonte-2.jpg 1000w\" sizes=\"auto, (max-width: 346px) 100vw, 346px\" \/><\/a><figcaption id=\"caption-attachment-1067\" class=\"wp-caption-text\">Reggia di Valcasotto<\/figcaption><\/figure>\n<p><strong>Il borgo piemontese di Garessio<\/strong> si trova a poca distanza dalla <strong>Costa Azzurra<\/strong>, ma anche dalla Riviera di Ponente, in una posizione ideale per una <strong>gita fuori porta<\/strong>, o per una tappa di un tour pi\u00f9 esteso.<br \/>\nLa pace, la tranquillit\u00e0 e il silenzio del posto sembrano quasi surreali, ma nascondono meraviglie uniche per chi ama il turismo culturale e le piccole perle nascoste.<br \/>\nAnche per questo Garessio \u00e8 stata definita \u201c<strong>perla delle Alpi Marittime<\/strong>\u201d, vista la vicinanza con il mare, che si scorge appena nel suo brillante turchese, e con le montagne, che cingono il paese e lo riparano dalle temperature pi\u00f9 rigide, consentendo al clima di rimanere mite e ventilato durante tutto l\u2019anno.<br \/>\nGli <strong>stabilimenti termali<\/strong> sono l\u2019ideale per chi cerca una <strong>vacanza in tranquillit\u00e0<\/strong>, ma non mancano anche le destinazioni culturali, prima fra tutte la Reggia di Valcasotto, fondata nell\u2019XI secolo, Bene dell\u2019Umanit\u00e0 dell\u2019UNESCO. Ripetutamente danneggiata e distrutta da invasioni e saccheggi, la Reggia, che nacque come Certosa a San Brunone, nel 1837 venne sottoposta ad un importante restauro conservativo, per diventare successivamente la residenza reale estiva dei Savoia.<\/p>\n<h2>Il borgo medievale di Garessio<\/h2>\n<p>Anche il <strong>borgo medievale<\/strong> merita una visita: entrando nel paese da Via Cavour, si scorge subito l\u2019antica Torre delle Rose, ora sede di una collezione privata; proseguendo invece, si incontrano prima Piazza Carrara, con il Palazzo Comunale, quindi Piazza San Giovanni, con l\u2019omonima chiesa.<br \/>\nAi piedi della monumentale scalinata della chiesa di San Giovanni \u00e8 stato posto un ciottolato bianco e nero molto particolare, realizzato dal designer Giorgetto Giugiaro, nativo di Garessio.<br \/>\nNel centro del paese sono ospitati anche il <strong>Museo Geo-Speleologico<\/strong>, l\u2019<strong>Archivio Storico<\/strong>, la <strong>Biblioteca<\/strong> e la <strong>Pinacoteca Civica<\/strong>, che contengono molte testimonianze della vita di Garessio dal Medioevo ai giorni nostri.<br \/>\nOgni anno si svolgono inoltre alcune feste popolari che ricordano le tradizioni pi\u00f9 radicate nel territorio, come la <strong>Festa della Polenta Saracena<\/strong> e la <strong>Festa della Montagna<\/strong><\/p>\n","protected":false},"excerpt":{"rendered":"<p>Garessio \u00e8 una localit\u00e0 molto apprezzata per le diverse opportunit\u00e0 che offre: la natura, lo sport, ma anche e soprattutto l\u2019aspetto storico-culturale. Il borgo, si trova in provincia di Cuneo e raggiunge appena una popolazione di 4000 abitanti. Anche se poco conosciuta, \u00e8 molto amata da chi ha avuto modo di entrare nel vivo delle [&hellip;]<\/p>\n","protected":false},"author":1,"featured_media":1066,"comment_status":"open","ping_status":"open","sticky":false,"template":"","format":"standard","meta":{"footnotes":""},"categories":[43],"tags":[61,78],"class_list":["post-1056","post","type-post","status-publish","format-standard","has-post-thumbnail","hentry","category-borghi","tag-centro-medievale","tag-piemonte"],"yoast_head":"<!-- This site is optimized with the Yoast SEO plugin v25.4 - https:\/\/yoast.com\/wordpress\/plugins\/seo\/ -->\n<title>Garessio: vacanze di relax e cultura in Piemonte | Blog Agriturismiditalia<\/title>\n<meta name=\"description\" content=\"Garessio, in provincia di Cuneo, \u00e8 ideale per trascorrere un weekend all&#039;aria aperta per le sue terme, la sua vicinanza al mare e per i musei caratteristici\" \/>\n<meta name=\"robots\" content=\"index, follow, max-snippet:-1, max-image-preview:large, max-video-preview:-1\" \/>\n<link rel=\"canonical\" href=\"https:\/\/www.agriturismiditalia.net\/blog\/garessio-vacanze-relax-cultura-piemonte\/\" \/>\n<meta property=\"og:locale\" content=\"it_IT\" \/>\n<meta property=\"og:type\" content=\"article\" \/>\n<meta property=\"og:title\" content=\"Garessio: vacanze di relax e cultura in Piemonte | Blog Agriturismiditalia\" \/>\n<meta property=\"og:description\" content=\"Garessio, in provincia di Cuneo, \u00e8 ideale per trascorrere un weekend all&#039;aria aperta per le sue terme, la sua vicinanza al mare e per i musei caratteristici\" \/>\n<meta property=\"og:url\" content=\"https:\/\/www.agriturismiditalia.net\/blog\/garessio-vacanze-relax-cultura-piemonte\/\" \/>\n<meta property=\"og:site_name\" content=\"Blog Agriturismiditalia\" \/>\n<meta property=\"article:publisher\" content=\"https:\/\/www.facebook.com\/portale.agriturismi\/\" \/>\n<meta property=\"article:published_time\" content=\"2017-09-20T09:00:26+00:00\" \/>\n<meta property=\"og:image\" content=\"https:\/\/www.agriturismiditalia.net\/blog\/wp-content\/uploads\/2017\/09\/garessio-vacanze-di-relax-e-cultura-in-piemonte.jpg\" \/>\n\t<meta property=\"og:image:width\" content=\"987\" \/>\n\t<meta property=\"og:image:height\" content=\"471\" \/>\n\t<meta property=\"og:image:type\" content=\"image\/jpeg\" \/>\n<meta name=\"author\" content=\"Redazione\" \/>\n<meta name=\"twitter:card\" content=\"summary_large_image\" \/>\n<meta name=\"twitter:creator\" content=\"@portaleagritur\" \/>\n<meta name=\"twitter:site\" content=\"@portaleagritur\" \/>\n<meta name=\"twitter:label1\" content=\"Scritto da\" \/>\n\t<meta name=\"twitter:data1\" content=\"Redazione\" \/>\n\t<meta name=\"twitter:label2\" content=\"Tempo di lettura stimato\" \/>\n\t<meta name=\"twitter:data2\" content=\"2 minuti\" \/>\n<script type=\"application\/ld+json\" class=\"yoast-schema-graph\">{\"@context\":\"https:\/\/schema.org\",\"@graph\":[{\"@type\":\"Article\",\"@id\":\"https:\/\/www.agriturismiditalia.net\/blog\/garessio-vacanze-relax-cultura-piemonte\/#article\",\"isPartOf\":{\"@id\":\"https:\/\/www.agriturismiditalia.net\/blog\/garessio-vacanze-relax-cultura-piemonte\/\"},\"author\":{\"name\":\"Redazione\",\"@id\":\"https:\/\/www.agriturismiditalia.net\/blog\/#\/schema\/person\/5c808ad6a59133e92af0814078b20a6d\"},\"headline\":\"Garessio: vacanze di relax e cultura in Piemonte\",\"datePublished\":\"2017-09-20T09:00:26+00:00\",\"mainEntityOfPage\":{\"@id\":\"https:\/\/www.agriturismiditalia.net\/blog\/garessio-vacanze-relax-cultura-piemonte\/\"},\"wordCount\":434,\"commentCount\":0,\"publisher\":{\"@id\":\"https:\/\/www.agriturismiditalia.net\/blog\/#organization\"},\"image\":{\"@id\":\"https:\/\/www.agriturismiditalia.net\/blog\/garessio-vacanze-relax-cultura-piemonte\/#primaryimage\"},\"thumbnailUrl\":\"https:\/\/www.agriturismiditalia.net\/blog\/wp-content\/uploads\/2017\/09\/garessio-vacanze-di-relax-e-cultura-in-piemonte.jpg\",\"keywords\":[\"centro medievale\",\"Piemonte\"],\"articleSection\":[\"Borghi\"],\"inLanguage\":\"it-IT\",\"potentialAction\":[{\"@type\":\"CommentAction\",\"name\":\"Comment\",\"target\":[\"https:\/\/www.agriturismiditalia.net\/blog\/garessio-vacanze-relax-cultura-piemonte\/#respond\"]}]},{\"@type\":\"WebPage\",\"@id\":\"https:\/\/www.agriturismiditalia.net\/blog\/garessio-vacanze-relax-cultura-piemonte\/\",\"url\":\"https:\/\/www.agriturismiditalia.net\/blog\/garessio-vacanze-relax-cultura-piemonte\/\",\"name\":\"Garessio: vacanze di relax e cultura in Piemonte | Blog Agriturismiditalia\",\"isPartOf\":{\"@id\":\"https:\/\/www.agriturismiditalia.net\/blog\/#website\"},\"primaryImageOfPage\":{\"@id\":\"https:\/\/www.agriturismiditalia.net\/blog\/garessio-vacanze-relax-cultura-piemonte\/#primaryimage\"},\"image\":{\"@id\":\"https:\/\/www.agriturismiditalia.net\/blog\/garessio-vacanze-relax-cultura-piemonte\/#primaryimage\"},\"thumbnailUrl\":\"https:\/\/www.agriturismiditalia.net\/blog\/wp-content\/uploads\/2017\/09\/garessio-vacanze-di-relax-e-cultura-in-piemonte.jpg\",\"datePublished\":\"2017-09-20T09:00:26+00:00\",\"description\":\"Garessio, in provincia di Cuneo, \u00e8 ideale per trascorrere un weekend all'aria aperta per le sue terme, la sua vicinanza al mare e per i musei caratteristici\",\"breadcrumb\":{\"@id\":\"https:\/\/www.agriturismiditalia.net\/blog\/garessio-vacanze-relax-cultura-piemonte\/#breadcrumb\"},\"inLanguage\":\"it-IT\",\"potentialAction\":[{\"@type\":\"ReadAction\",\"target\":[\"https:\/\/www.agriturismiditalia.net\/blog\/garessio-vacanze-relax-cultura-piemonte\/\"]}]},{\"@type\":\"ImageObject\",\"inLanguage\":\"it-IT\",\"@id\":\"https:\/\/www.agriturismiditalia.net\/blog\/garessio-vacanze-relax-cultura-piemonte\/#primaryimage\",\"url\":\"https:\/\/www.agriturismiditalia.net\/blog\/wp-content\/uploads\/2017\/09\/garessio-vacanze-di-relax-e-cultura-in-piemonte.jpg\",\"contentUrl\":\"https:\/\/www.agriturismiditalia.net\/blog\/wp-content\/uploads\/2017\/09\/garessio-vacanze-di-relax-e-cultura-in-piemonte.jpg\",\"width\":987,\"height\":471,\"caption\":\"Garessio: vacanze di relax e cultura in Piemonte\"},{\"@type\":\"BreadcrumbList\",\"@id\":\"https:\/\/www.agriturismiditalia.net\/blog\/garessio-vacanze-relax-cultura-piemonte\/#breadcrumb\",\"itemListElement\":[{\"@type\":\"ListItem\",\"position\":1,\"name\":\"Home\",\"item\":\"https:\/\/www.agriturismiditalia.net\/blog\/\"},{\"@type\":\"ListItem\",\"position\":2,\"name\":\"Garessio: vacanze di relax e cultura in Piemonte\"}]},{\"@type\":\"WebSite\",\"@id\":\"https:\/\/www.agriturismiditalia.net\/blog\/#website\",\"url\":\"https:\/\/www.agriturismiditalia.net\/blog\/\",\"name\":\"Blog Agriturismiditalia\",\"description\":\"Portale dei migliori agriturismi in Italia\",\"publisher\":{\"@id\":\"https:\/\/www.agriturismiditalia.net\/blog\/#organization\"},\"potentialAction\":[{\"@type\":\"SearchAction\",\"target\":{\"@type\":\"EntryPoint\",\"urlTemplate\":\"https:\/\/www.agriturismiditalia.net\/blog\/?s={search_term_string}\"},\"query-input\":{\"@type\":\"PropertyValueSpecification\",\"valueRequired\":true,\"valueName\":\"search_term_string\"}}],\"inLanguage\":\"it-IT\"},{\"@type\":\"Organization\",\"@id\":\"https:\/\/www.agriturismiditalia.net\/blog\/#organization\",\"name\":\"Agriturismi d'Italia\",\"url\":\"https:\/\/www.agriturismiditalia.net\/blog\/\",\"logo\":{\"@type\":\"ImageObject\",\"inLanguage\":\"it-IT\",\"@id\":\"https:\/\/www.agriturismiditalia.net\/blog\/#\/schema\/logo\/image\/\",\"url\":\"https:\/\/www.agriturismiditalia.net\/blog\/wp-content\/uploads\/2016\/07\/cropped-55x55-fronte.png\",\"contentUrl\":\"https:\/\/www.agriturismiditalia.net\/blog\/wp-content\/uploads\/2016\/07\/cropped-55x55-fronte.png\",\"width\":512,\"height\":512,\"caption\":\"Agriturismi d'Italia\"},\"image\":{\"@id\":\"https:\/\/www.agriturismiditalia.net\/blog\/#\/schema\/logo\/image\/\"},\"sameAs\":[\"https:\/\/www.facebook.com\/portale.agriturismi\/\",\"https:\/\/x.com\/portaleagritur\"]},{\"@type\":\"Person\",\"@id\":\"https:\/\/www.agriturismiditalia.net\/blog\/#\/schema\/person\/5c808ad6a59133e92af0814078b20a6d\",\"name\":\"Redazione\",\"image\":{\"@type\":\"ImageObject\",\"inLanguage\":\"it-IT\",\"@id\":\"https:\/\/www.agriturismiditalia.net\/blog\/#\/schema\/person\/image\/\",\"url\":\"https:\/\/secure.gravatar.com\/avatar\/528767f1f25b7e24e869d55b5f5a800c90d02802c2f9b0756554c6b52cfe4ee8?s=96&d=mm&r=g\",\"contentUrl\":\"https:\/\/secure.gravatar.com\/avatar\/528767f1f25b7e24e869d55b5f5a800c90d02802c2f9b0756554c6b52cfe4ee8?s=96&d=mm&r=g\",\"caption\":\"Redazione\"},\"url\":\"https:\/\/www.agriturismiditalia.net\/blog\/author\/admin\/\"}]}<\/script>\n<!-- \/ Yoast SEO plugin. -->","yoast_head_json":{"title":"Garessio: vacanze di relax e cultura in Piemonte | Blog Agriturismiditalia","description":"Garessio, in provincia di Cuneo, \u00e8 ideale per trascorrere un weekend all'aria aperta per le sue terme, la sua vicinanza al mare e per i musei caratteristici","robots":{"index":"index","follow":"follow","max-snippet":"max-snippet:-1","max-image-preview":"max-image-preview:large","max-video-preview":"max-video-preview:-1"},"canonical":"https:\/\/www.agriturismiditalia.net\/blog\/garessio-vacanze-relax-cultura-piemonte\/","og_locale":"it_IT","og_type":"article","og_title":"Garessio: vacanze di relax e cultura in Piemonte | Blog Agriturismiditalia","og_description":"Garessio, in provincia di Cuneo, \u00e8 ideale per trascorrere un weekend all'aria aperta per le sue terme, la sua vicinanza al mare e per i musei caratteristici","og_url":"https:\/\/www.agriturismiditalia.net\/blog\/garessio-vacanze-relax-cultura-piemonte\/","og_site_name":"Blog Agriturismiditalia","article_publisher":"https:\/\/www.facebook.com\/portale.agriturismi\/","article_published_time":"2017-09-20T09:00:26+00:00","og_image":[{"width":987,"height":471,"url":"https:\/\/www.agriturismiditalia.net\/blog\/wp-content\/uploads\/2017\/09\/garessio-vacanze-di-relax-e-cultura-in-piemonte.jpg","type":"image\/jpeg"}],"author":"Redazione","twitter_card":"summary_large_image","twitter_creator":"@portaleagritur","twitter_site":"@portaleagritur","twitter_misc":{"Scritto da":"Redazione","Tempo di lettura stimato":"2 minuti"},"schema":{"@context":"https:\/\/schema.org","@graph":[{"@type":"Article","@id":"https:\/\/www.agriturismiditalia.net\/blog\/garessio-vacanze-relax-cultura-piemonte\/#article","isPartOf":{"@id":"https:\/\/www.agriturismiditalia.net\/blog\/garessio-vacanze-relax-cultura-piemonte\/"},"author":{"name":"Redazione","@id":"https:\/\/www.agriturismiditalia.net\/blog\/#\/schema\/person\/5c808ad6a59133e92af0814078b20a6d"},"headline":"Garessio: vacanze di relax e cultura in Piemonte","datePublished":"2017-09-20T09:00:26+00:00","mainEntityOfPage":{"@id":"https:\/\/www.agriturismiditalia.net\/blog\/garessio-vacanze-relax-cultura-piemonte\/"},"wordCount":434,"commentCount":0,"publisher":{"@id":"https:\/\/www.agriturismiditalia.net\/blog\/#organization"},"image":{"@id":"https:\/\/www.agriturismiditalia.net\/blog\/garessio-vacanze-relax-cultura-piemonte\/#primaryimage"},"thumbnailUrl":"https:\/\/www.agriturismiditalia.net\/blog\/wp-content\/uploads\/2017\/09\/garessio-vacanze-di-relax-e-cultura-in-piemonte.jpg","keywords":["centro medievale","Piemonte"],"articleSection":["Borghi"],"inLanguage":"it-IT","potentialAction":[{"@type":"CommentAction","name":"Comment","target":["https:\/\/www.agriturismiditalia.net\/blog\/garessio-vacanze-relax-cultura-piemonte\/#respond"]}]},{"@type":"WebPage","@id":"https:\/\/www.agriturismiditalia.net\/blog\/garessio-vacanze-relax-cultura-piemonte\/","url":"https:\/\/www.agriturismiditalia.net\/blog\/garessio-vacanze-relax-cultura-piemonte\/","name":"Garessio: vacanze di relax e cultura in Piemonte | Blog Agriturismiditalia","isPartOf":{"@id":"https:\/\/www.agriturismiditalia.net\/blog\/#website"},"primaryImageOfPage":{"@id":"https:\/\/www.agriturismiditalia.net\/blog\/garessio-vacanze-relax-cultura-piemonte\/#primaryimage"},"image":{"@id":"https:\/\/www.agriturismiditalia.net\/blog\/garessio-vacanze-relax-cultura-piemonte\/#primaryimage"},"thumbnailUrl":"https:\/\/www.agriturismiditalia.net\/blog\/wp-content\/uploads\/2017\/09\/garessio-vacanze-di-relax-e-cultura-in-piemonte.jpg","datePublished":"2017-09-20T09:00:26+00:00","description":"Garessio, in provincia di Cuneo, \u00e8 ideale per trascorrere un weekend all'aria aperta per le sue terme, la sua vicinanza al mare e per i musei caratteristici","breadcrumb":{"@id":"https:\/\/www.agriturismiditalia.net\/blog\/garessio-vacanze-relax-cultura-piemonte\/#breadcrumb"},"inLanguage":"it-IT","potentialAction":[{"@type":"ReadAction","target":["https:\/\/www.agriturismiditalia.net\/blog\/garessio-vacanze-relax-cultura-piemonte\/"]}]},{"@type":"ImageObject","inLanguage":"it-IT","@id":"https:\/\/www.agriturismiditalia.net\/blog\/garessio-vacanze-relax-cultura-piemonte\/#primaryimage","url":"https:\/\/www.agriturismiditalia.net\/blog\/wp-content\/uploads\/2017\/09\/garessio-vacanze-di-relax-e-cultura-in-piemonte.jpg","contentUrl":"https:\/\/www.agriturismiditalia.net\/blog\/wp-content\/uploads\/2017\/09\/garessio-vacanze-di-relax-e-cultura-in-piemonte.jpg","width":987,"height":471,"caption":"Garessio: vacanze di relax e cultura in Piemonte"},{"@type":"BreadcrumbList","@id":"https:\/\/www.agriturismiditalia.net\/blog\/garessio-vacanze-relax-cultura-piemonte\/#breadcrumb","itemListElement":[{"@type":"ListItem","position":1,"name":"Home","item":"https:\/\/www.agriturismiditalia.net\/blog\/"},{"@type":"ListItem","position":2,"name":"Garessio: vacanze di relax e cultura in Piemonte"}]},{"@type":"WebSite","@id":"https:\/\/www.agriturismiditalia.net\/blog\/#website","url":"https:\/\/www.agriturismiditalia.net\/blog\/","name":"Blog Agriturismiditalia","description":"Portale dei migliori agriturismi in Italia","publisher":{"@id":"https:\/\/www.agriturismiditalia.net\/blog\/#organization"},"potentialAction":[{"@type":"SearchAction","target":{"@type":"EntryPoint","urlTemplate":"https:\/\/www.agriturismiditalia.net\/blog\/?s={search_term_string}"},"query-input":{"@type":"PropertyValueSpecification","valueRequired":true,"valueName":"search_term_string"}}],"inLanguage":"it-IT"},{"@type":"Organization","@id":"https:\/\/www.agriturismiditalia.net\/blog\/#organization","name":"Agriturismi d'Italia","url":"https:\/\/www.agriturismiditalia.net\/blog\/","logo":{"@type":"ImageObject","inLanguage":"it-IT","@id":"https:\/\/www.agriturismiditalia.net\/blog\/#\/schema\/logo\/image\/","url":"https:\/\/www.agriturismiditalia.net\/blog\/wp-content\/uploads\/2016\/07\/cropped-55x55-fronte.png","contentUrl":"https:\/\/www.agriturismiditalia.net\/blog\/wp-content\/uploads\/2016\/07\/cropped-55x55-fronte.png","width":512,"height":512,"caption":"Agriturismi d'Italia"},"image":{"@id":"https:\/\/www.agriturismiditalia.net\/blog\/#\/schema\/logo\/image\/"},"sameAs":["https:\/\/www.facebook.com\/portale.agriturismi\/","https:\/\/x.com\/portaleagritur"]},{"@type":"Person","@id":"https:\/\/www.agriturismiditalia.net\/blog\/#\/schema\/person\/5c808ad6a59133e92af0814078b20a6d","name":"Redazione","image":{"@type":"ImageObject","inLanguage":"it-IT","@id":"https:\/\/www.agriturismiditalia.net\/blog\/#\/schema\/person\/image\/","url":"https:\/\/secure.gravatar.com\/avatar\/528767f1f25b7e24e869d55b5f5a800c90d02802c2f9b0756554c6b52cfe4ee8?s=96&d=mm&r=g","contentUrl":"https:\/\/secure.gravatar.com\/avatar\/528767f1f25b7e24e869d55b5f5a800c90d02802c2f9b0756554c6b52cfe4ee8?s=96&d=mm&r=g","caption":"Redazione"},"url":"https:\/\/www.agriturismiditalia.net\/blog\/author\/admin\/"}]}},"_links":{"self":[{"href":"https:\/\/www.agriturismiditalia.net\/blog\/wp-json\/wp\/v2\/posts\/1056","targetHints":{"allow":["GET"]}}],"collection":[{"href":"https:\/\/www.agriturismiditalia.net\/blog\/wp-json\/wp\/v2\/posts"}],"about":[{"href":"https:\/\/www.agriturismiditalia.net\/blog\/wp-json\/wp\/v2\/types\/post"}],"author":[{"embeddable":true,"href":"https:\/\/www.agriturismiditalia.net\/blog\/wp-json\/wp\/v2\/users\/1"}],"replies":[{"embeddable":true,"href":"https:\/\/www.agriturismiditalia.net\/blog\/wp-json\/wp\/v2\/comments?post=1056"}],"version-history":[{"count":0,"href":"https:\/\/www.agriturismiditalia.net\/blog\/wp-json\/wp\/v2\/posts\/1056\/revisions"}],"wp:featuredmedia":[{"embeddable":true,"href":"https:\/\/www.agriturismiditalia.net\/blog\/wp-json\/wp\/v2\/media\/1066"}],"wp:attachment":[{"href":"https:\/\/www.agriturismiditalia.net\/blog\/wp-json\/wp\/v2\/media?parent=1056"}],"wp:term":[{"taxonomy":"category","embeddable":true,"href":"https:\/\/www.agriturismiditalia.net\/blog\/wp-json\/wp\/v2\/categories?post=1056"},{"taxonomy":"post_tag","embeddable":true,"href":"https:\/\/www.agriturismiditalia.net\/blog\/wp-json\/wp\/v2\/tags?post=1056"}],"curies":[{"name":"wp","href":"https:\/\/api.w.org\/{rel}","templated":true}]}}