{"id":226,"date":"2013-07-22T04:43:12","date_gmt":"2013-07-22T04:43:12","guid":{"rendered":"http:\/\/www.agriturismiditalia.net\/blog\/?p=226"},"modified":"2016-10-17T04:30:58","modified_gmt":"2016-10-17T04:30:58","slug":"agriturismo-ca-dla-pia-natura-e-relax-nel-cuore-della-valgerola","status":"publish","type":"post","link":"https:\/\/www.agriturismiditalia.net\/blog\/agriturismo-ca-dla-pia-natura-e-relax-nel-cuore-della-valgerola\/","title":{"rendered":"Agriturismo &#8220;C\u00e0 dla Pia&#8221;, natura e relax nel cuore della Valgerola"},"content":{"rendered":"<p>Una vacanza di assoluto relax, in un&#8217;oasi di pace immersa nel verde della Valgerola, assaporando piatti tipici valtellinesi preparati con i prodotti genuini della propria tenuta agricola.<br \/>\nTutto questo e molto altro offre l&#8217;Agriturismo &#8220;C\u00e0 dla Pia&#8221;, aperto di recente (2012) in Via Valgerola 280 a Cosio Valtellino. L&#8217;Agriturismo, che \u00e8 anche azienda agricola, fattoria didattica e allevamento di cani \u201cbovari svizzeri\u201d, offre ospitalit\u00e0 in un complesso di case (alcune all&#8217;interno della tenuta, altre in localit\u00e0 Dossa) sede collocate secondo la tradizionale tipologia del borgo, con cortili e spazi esterni comuni, costruite in pietra d&#8217;ardesia, c<em>on <\/em>tetti in <em>piode e ballatoi, balaustre e tettoie in legno<\/em>.<br \/>\nLa struttura si trova a 600 metri di altitudine, in posizione panoramica, sulla strada che da Morbegno porta all&#8217;interno della Valgerola, nota per i suoi stupendi paesaggi, per le localit\u00e0 sciistiche e per i prodotti gastronomici.<br \/>\nQuattro le soluzioni abitative con la formula Bed &amp; Breakfast:<\/p>\n<ul>\n<li>la residenza \u201c<strong>Dolce Amara<\/strong>\u201d che al comfort di un ambiente caldo e accogliente (camino, vasca idromassaggio) abbina la comodit\u00e0 degli spazi (4 posti letto, cucina, zona pranzo-salotto, taverna per cene con gli amici);<\/li>\n<li>\u201c<strong>Emozioni<\/strong>\u201d offre ai propri ospiti il caldo abbraccio di uno chalet in legno e tutto il fascino di una vacanza in montagna;<\/li>\n<li>\u201c<strong>Sweet<\/strong>\u201d, arredata in stile provenzale, ideale per un week end romantico;<\/li>\n<li>\u201c<strong>Sogno di mezza estate<\/strong>\u201d, con arredi in tinte pastello e carta da zucchero, dal sapore fiabesco, dotata di tutti i comfort e con un panorama mozzafiato.<\/li>\n<\/ul>\n<p>Gli spazi esterni sono attrezzati con pergolati, gazebo, parco giochi per bambini, vasca idromassaggio da esterno con solarium, spazi per grigliate con barbecue e ampie tavolate per trascorrere piacevoli giornate di sole all&#8217;aria aperta con gli amici.<br \/>\nL&#8217;agriturismo, inoltre, utilizza per le colazioni e, in generale per la cucina della casa, erbe officinali essiccate, conserve, marmellate, succhi di frutta, tisane, miele, vini e olio di produzione propria o di provenienza locale.<br \/>\nAl &#8220;<strong>C\u00e0 dla Pia<\/strong>&#8221; le possibilit\u00e0 di svago variano a seconda delle stagioni.<br \/>\nD&#8217;inverno, l&#8217;agriturismo si presta sia per tranquilli week-end in montagna, sia come base di partenza per raggiungere le piste di sci di Pescegallo. D&#8217;estate, consente indimenticabili passeggiate in montagna su sentieri (percorribili anche in bici) che si inerpicano tra boschi di castagno. &#8220;C\u00e0 dla Pia&#8221; mette gratuitamente a disposizione dei propri ospiti biciclette e tandem; chi ama i percorsi pi\u00f9 impervi e accidentati pu\u00f2 noleggiare dei quad-bike, mentre per la felicit\u00e0 di tutta la famiglia, l&#8217;Agriturismo propone un giro su un calesse dell&#8217;Ottocento trainato da un simpatico pony. Dalla primavera all&#8217;autunno, poi, le feste e le sagre paesane nei dintorni offrono l&#8217;occasione di conoscere e apprezzare le bellezze storico-artistiche del territorio, i prodotti tipici e le specialit\u00e0 locali.<\/p>\n<p>Infine, per gli amanti degli animali l&#8217;agriturismo propone anche una visita alla fattoria didattica, con volatili (pappagalli ara, cenerini, catua rosa e conuri del sole, gufo delle nevi, gufo virginiano, allocchi europei, poiana di harris), rettili (pitoni reali, iguana, drago australiano, ecc.), cincill\u00e0, scoiattoli e cani bovari svizzeri (Grande Bovaro, Bovaro del Bernese, Appenzeller, Entlebucher), questi ultimi allevati direttamente all&#8217;interno della tenuta &#8220;<strong>C\u00e0 dla Pia<\/strong>&#8220;.<\/p>\n<p><b>Info e contatti<\/b><br \/>\nAgriturismo &#8220;C\u00e0 dla Pia&#8221; &#8211; Via Valgerola 280<br \/>\n23013 Cosio Valtellino (Sondrio)<br \/>\nCell: +393931834059<br \/>\nProfilo Facebook <a href=\"https:\/\/www.facebook.com\/pages\/C\u00e0-dla-Pia-azienda-agricola-agriturismo-e-bovari-svizzeri\/205271192845304\" target=\"_blank\">https:\/\/www.facebook.com\/pages\/C%C3%A0-dla-Pia-azienda-agricola-agriturismo-e-bovari-svizzeri\/205271192845304<\/a><br \/>\nMail: <a href=\"mailto:cadlapia@libero.it\" target=\"_blank\">cadlapia@libero.it<\/a><\/p>\n","protected":false},"excerpt":{"rendered":"<p>Una vacanza di assoluto relax, in un&#8217;oasi di pace immersa nel verde della Valgerola, assaporando piatti tipici valtellinesi preparati con i prodotti genuini della propria tenuta agricola. Tutto questo e molto altro offre l&#8217;Agriturismo &#8220;C\u00e0 dla Pia&#8221;, aperto di recente (2012) in Via Valgerola 280 a Cosio Valtellino. L&#8217;Agriturismo, che \u00e8 anche azienda agricola, fattoria [&hellip;]<\/p>\n","protected":false},"author":1,"featured_media":443,"comment_status":"open","ping_status":"open","sticky":false,"template":"","format":"standard","meta":{"footnotes":""},"categories":[11],"tags":[12],"class_list":["post-226","post","type-post","status-publish","format-standard","has-post-thumbnail","hentry","category-agriturismi","tag-agriturismo"],"yoast_head":"<!-- This site is optimized with the Yoast SEO plugin v25.4 - https:\/\/yoast.com\/wordpress\/plugins\/seo\/ -->\n<title>Agriturismo &quot;C\u00e0 dla Pia&quot;, natura e relax nel cuore della Valgerola<\/title>\n<meta name=\"description\" content=\"Una vacanza di relax, oasi di pace immersa nel verde della Valgerola, piatti tipici valtellinesi preparati con i prodotti genuini della propria tenuta.\" \/>\n<meta name=\"robots\" content=\"index, follow, max-snippet:-1, max-image-preview:large, max-video-preview:-1\" \/>\n<link rel=\"canonical\" href=\"https:\/\/www.agriturismiditalia.net\/blog\/agriturismo-ca-dla-pia-natura-e-relax-nel-cuore-della-valgerola\/\" \/>\n<meta property=\"og:locale\" content=\"it_IT\" \/>\n<meta property=\"og:type\" content=\"article\" \/>\n<meta property=\"og:title\" content=\"Agriturismo &quot;C\u00e0 dla Pia&quot;, natura e relax nel cuore della Valgerola\" \/>\n<meta property=\"og:description\" content=\"Una vacanza di relax, oasi di pace immersa nel verde della Valgerola, piatti tipici valtellinesi preparati con i prodotti genuini della propria tenuta.\" \/>\n<meta property=\"og:url\" content=\"https:\/\/www.agriturismiditalia.net\/blog\/agriturismo-ca-dla-pia-natura-e-relax-nel-cuore-della-valgerola\/\" \/>\n<meta property=\"og:site_name\" content=\"Blog Agriturismiditalia\" \/>\n<meta property=\"article:publisher\" content=\"https:\/\/www.facebook.com\/portale.agriturismi\/\" \/>\n<meta property=\"article:published_time\" content=\"2013-07-22T04:43:12+00:00\" \/>\n<meta property=\"article:modified_time\" content=\"2016-10-17T04:30:58+00:00\" \/>\n<meta property=\"og:image\" content=\"https:\/\/www.agriturismiditalia.net\/blog\/wp-content\/uploads\/2013\/07\/agriturismo-ca-dla-pia-natura-e-relax-nel-cuore-della-valgerola-2.jpg\" \/>\n\t<meta property=\"og:image:width\" content=\"480\" \/>\n\t<meta property=\"og:image:height\" content=\"335\" \/>\n\t<meta property=\"og:image:type\" content=\"image\/jpeg\" \/>\n<meta name=\"author\" content=\"Redazione\" \/>\n<meta name=\"twitter:card\" content=\"summary_large_image\" \/>\n<meta name=\"twitter:creator\" content=\"@portaleagritur\" \/>\n<meta name=\"twitter:site\" content=\"@portaleagritur\" \/>\n<meta name=\"twitter:label1\" content=\"Scritto da\" \/>\n\t<meta name=\"twitter:data1\" content=\"Redazione\" \/>\n\t<meta name=\"twitter:label2\" content=\"Tempo di lettura stimato\" \/>\n\t<meta name=\"twitter:data2\" content=\"3 minuti\" \/>\n<script type=\"application\/ld+json\" class=\"yoast-schema-graph\">{\"@context\":\"https:\/\/schema.org\",\"@graph\":[{\"@type\":\"Article\",\"@id\":\"https:\/\/www.agriturismiditalia.net\/blog\/agriturismo-ca-dla-pia-natura-e-relax-nel-cuore-della-valgerola\/#article\",\"isPartOf\":{\"@id\":\"https:\/\/www.agriturismiditalia.net\/blog\/agriturismo-ca-dla-pia-natura-e-relax-nel-cuore-della-valgerola\/\"},\"author\":{\"name\":\"Redazione\",\"@id\":\"https:\/\/www.agriturismiditalia.net\/blog\/#\/schema\/person\/5c808ad6a59133e92af0814078b20a6d\"},\"headline\":\"Agriturismo &#8220;C\u00e0 dla Pia&#8221;, natura e relax nel cuore della Valgerola\",\"datePublished\":\"2013-07-22T04:43:12+00:00\",\"dateModified\":\"2016-10-17T04:30:58+00:00\",\"mainEntityOfPage\":{\"@id\":\"https:\/\/www.agriturismiditalia.net\/blog\/agriturismo-ca-dla-pia-natura-e-relax-nel-cuore-della-valgerola\/\"},\"wordCount\":546,\"commentCount\":0,\"publisher\":{\"@id\":\"https:\/\/www.agriturismiditalia.net\/blog\/#organization\"},\"image\":{\"@id\":\"https:\/\/www.agriturismiditalia.net\/blog\/agriturismo-ca-dla-pia-natura-e-relax-nel-cuore-della-valgerola\/#primaryimage\"},\"thumbnailUrl\":\"https:\/\/www.agriturismiditalia.net\/blog\/wp-content\/uploads\/2013\/07\/agriturismo-ca-dla-pia-natura-e-relax-nel-cuore-della-valgerola-2.jpg\",\"keywords\":[\"agriturismo\"],\"articleSection\":[\"Agriturismi\"],\"inLanguage\":\"it-IT\",\"potentialAction\":[{\"@type\":\"CommentAction\",\"name\":\"Comment\",\"target\":[\"https:\/\/www.agriturismiditalia.net\/blog\/agriturismo-ca-dla-pia-natura-e-relax-nel-cuore-della-valgerola\/#respond\"]}]},{\"@type\":\"WebPage\",\"@id\":\"https:\/\/www.agriturismiditalia.net\/blog\/agriturismo-ca-dla-pia-natura-e-relax-nel-cuore-della-valgerola\/\",\"url\":\"https:\/\/www.agriturismiditalia.net\/blog\/agriturismo-ca-dla-pia-natura-e-relax-nel-cuore-della-valgerola\/\",\"name\":\"Agriturismo \\\"C\u00e0 dla Pia\\\", natura e relax nel cuore della Valgerola\",\"isPartOf\":{\"@id\":\"https:\/\/www.agriturismiditalia.net\/blog\/#website\"},\"primaryImageOfPage\":{\"@id\":\"https:\/\/www.agriturismiditalia.net\/blog\/agriturismo-ca-dla-pia-natura-e-relax-nel-cuore-della-valgerola\/#primaryimage\"},\"image\":{\"@id\":\"https:\/\/www.agriturismiditalia.net\/blog\/agriturismo-ca-dla-pia-natura-e-relax-nel-cuore-della-valgerola\/#primaryimage\"},\"thumbnailUrl\":\"https:\/\/www.agriturismiditalia.net\/blog\/wp-content\/uploads\/2013\/07\/agriturismo-ca-dla-pia-natura-e-relax-nel-cuore-della-valgerola-2.jpg\",\"datePublished\":\"2013-07-22T04:43:12+00:00\",\"dateModified\":\"2016-10-17T04:30:58+00:00\",\"description\":\"Una vacanza di relax, oasi di pace immersa nel verde della Valgerola, piatti tipici valtellinesi preparati con i prodotti genuini della propria tenuta.\",\"breadcrumb\":{\"@id\":\"https:\/\/www.agriturismiditalia.net\/blog\/agriturismo-ca-dla-pia-natura-e-relax-nel-cuore-della-valgerola\/#breadcrumb\"},\"inLanguage\":\"it-IT\",\"potentialAction\":[{\"@type\":\"ReadAction\",\"target\":[\"https:\/\/www.agriturismiditalia.net\/blog\/agriturismo-ca-dla-pia-natura-e-relax-nel-cuore-della-valgerola\/\"]}]},{\"@type\":\"ImageObject\",\"inLanguage\":\"it-IT\",\"@id\":\"https:\/\/www.agriturismiditalia.net\/blog\/agriturismo-ca-dla-pia-natura-e-relax-nel-cuore-della-valgerola\/#primaryimage\",\"url\":\"https:\/\/www.agriturismiditalia.net\/blog\/wp-content\/uploads\/2013\/07\/agriturismo-ca-dla-pia-natura-e-relax-nel-cuore-della-valgerola-2.jpg\",\"contentUrl\":\"https:\/\/www.agriturismiditalia.net\/blog\/wp-content\/uploads\/2013\/07\/agriturismo-ca-dla-pia-natura-e-relax-nel-cuore-della-valgerola-2.jpg\",\"width\":480,\"height\":335,\"caption\":\"Agriturismo \\\"C\u00e0 dla Pia\\\", natura e relax nel cuore della Valgerola\"},{\"@type\":\"BreadcrumbList\",\"@id\":\"https:\/\/www.agriturismiditalia.net\/blog\/agriturismo-ca-dla-pia-natura-e-relax-nel-cuore-della-valgerola\/#breadcrumb\",\"itemListElement\":[{\"@type\":\"ListItem\",\"position\":1,\"name\":\"Home\",\"item\":\"https:\/\/www.agriturismiditalia.net\/blog\/\"},{\"@type\":\"ListItem\",\"position\":2,\"name\":\"Agriturismo &#8220;C\u00e0 dla Pia&#8221;, natura e relax nel cuore della Valgerola\"}]},{\"@type\":\"WebSite\",\"@id\":\"https:\/\/www.agriturismiditalia.net\/blog\/#website\",\"url\":\"https:\/\/www.agriturismiditalia.net\/blog\/\",\"name\":\"Blog Agriturismiditalia\",\"description\":\"Portale dei migliori agriturismi in Italia\",\"publisher\":{\"@id\":\"https:\/\/www.agriturismiditalia.net\/blog\/#organization\"},\"potentialAction\":[{\"@type\":\"SearchAction\",\"target\":{\"@type\":\"EntryPoint\",\"urlTemplate\":\"https:\/\/www.agriturismiditalia.net\/blog\/?s={search_term_string}\"},\"query-input\":{\"@type\":\"PropertyValueSpecification\",\"valueRequired\":true,\"valueName\":\"search_term_string\"}}],\"inLanguage\":\"it-IT\"},{\"@type\":\"Organization\",\"@id\":\"https:\/\/www.agriturismiditalia.net\/blog\/#organization\",\"name\":\"Agriturismi d'Italia\",\"url\":\"https:\/\/www.agriturismiditalia.net\/blog\/\",\"logo\":{\"@type\":\"ImageObject\",\"inLanguage\":\"it-IT\",\"@id\":\"https:\/\/www.agriturismiditalia.net\/blog\/#\/schema\/logo\/image\/\",\"url\":\"https:\/\/www.agriturismiditalia.net\/blog\/wp-content\/uploads\/2016\/07\/cropped-55x55-fronte.png\",\"contentUrl\":\"https:\/\/www.agriturismiditalia.net\/blog\/wp-content\/uploads\/2016\/07\/cropped-55x55-fronte.png\",\"width\":512,\"height\":512,\"caption\":\"Agriturismi d'Italia\"},\"image\":{\"@id\":\"https:\/\/www.agriturismiditalia.net\/blog\/#\/schema\/logo\/image\/\"},\"sameAs\":[\"https:\/\/www.facebook.com\/portale.agriturismi\/\",\"https:\/\/x.com\/portaleagritur\"]},{\"@type\":\"Person\",\"@id\":\"https:\/\/www.agriturismiditalia.net\/blog\/#\/schema\/person\/5c808ad6a59133e92af0814078b20a6d\",\"name\":\"Redazione\",\"image\":{\"@type\":\"ImageObject\",\"inLanguage\":\"it-IT\",\"@id\":\"https:\/\/www.agriturismiditalia.net\/blog\/#\/schema\/person\/image\/\",\"url\":\"https:\/\/secure.gravatar.com\/avatar\/528767f1f25b7e24e869d55b5f5a800c90d02802c2f9b0756554c6b52cfe4ee8?s=96&d=mm&r=g\",\"contentUrl\":\"https:\/\/secure.gravatar.com\/avatar\/528767f1f25b7e24e869d55b5f5a800c90d02802c2f9b0756554c6b52cfe4ee8?s=96&d=mm&r=g\",\"caption\":\"Redazione\"},\"url\":\"https:\/\/www.agriturismiditalia.net\/blog\/author\/admin\/\"}]}<\/script>\n<!-- \/ Yoast SEO plugin. -->","yoast_head_json":{"title":"Agriturismo \"C\u00e0 dla Pia\", natura e relax nel cuore della Valgerola","description":"Una vacanza di relax, oasi di pace immersa nel verde della Valgerola, piatti tipici valtellinesi preparati con i prodotti genuini della propria tenuta.","robots":{"index":"index","follow":"follow","max-snippet":"max-snippet:-1","max-image-preview":"max-image-preview:large","max-video-preview":"max-video-preview:-1"},"canonical":"https:\/\/www.agriturismiditalia.net\/blog\/agriturismo-ca-dla-pia-natura-e-relax-nel-cuore-della-valgerola\/","og_locale":"it_IT","og_type":"article","og_title":"Agriturismo \"C\u00e0 dla Pia\", natura e relax nel cuore della Valgerola","og_description":"Una vacanza di relax, oasi di pace immersa nel verde della Valgerola, piatti tipici valtellinesi preparati con i prodotti genuini della propria tenuta.","og_url":"https:\/\/www.agriturismiditalia.net\/blog\/agriturismo-ca-dla-pia-natura-e-relax-nel-cuore-della-valgerola\/","og_site_name":"Blog Agriturismiditalia","article_publisher":"https:\/\/www.facebook.com\/portale.agriturismi\/","article_published_time":"2013-07-22T04:43:12+00:00","article_modified_time":"2016-10-17T04:30:58+00:00","og_image":[{"width":480,"height":335,"url":"https:\/\/www.agriturismiditalia.net\/blog\/wp-content\/uploads\/2013\/07\/agriturismo-ca-dla-pia-natura-e-relax-nel-cuore-della-valgerola-2.jpg","type":"image\/jpeg"}],"author":"Redazione","twitter_card":"summary_large_image","twitter_creator":"@portaleagritur","twitter_site":"@portaleagritur","twitter_misc":{"Scritto da":"Redazione","Tempo di lettura stimato":"3 minuti"},"schema":{"@context":"https:\/\/schema.org","@graph":[{"@type":"Article","@id":"https:\/\/www.agriturismiditalia.net\/blog\/agriturismo-ca-dla-pia-natura-e-relax-nel-cuore-della-valgerola\/#article","isPartOf":{"@id":"https:\/\/www.agriturismiditalia.net\/blog\/agriturismo-ca-dla-pia-natura-e-relax-nel-cuore-della-valgerola\/"},"author":{"name":"Redazione","@id":"https:\/\/www.agriturismiditalia.net\/blog\/#\/schema\/person\/5c808ad6a59133e92af0814078b20a6d"},"headline":"Agriturismo &#8220;C\u00e0 dla Pia&#8221;, natura e relax nel cuore della Valgerola","datePublished":"2013-07-22T04:43:12+00:00","dateModified":"2016-10-17T04:30:58+00:00","mainEntityOfPage":{"@id":"https:\/\/www.agriturismiditalia.net\/blog\/agriturismo-ca-dla-pia-natura-e-relax-nel-cuore-della-valgerola\/"},"wordCount":546,"commentCount":0,"publisher":{"@id":"https:\/\/www.agriturismiditalia.net\/blog\/#organization"},"image":{"@id":"https:\/\/www.agriturismiditalia.net\/blog\/agriturismo-ca-dla-pia-natura-e-relax-nel-cuore-della-valgerola\/#primaryimage"},"thumbnailUrl":"https:\/\/www.agriturismiditalia.net\/blog\/wp-content\/uploads\/2013\/07\/agriturismo-ca-dla-pia-natura-e-relax-nel-cuore-della-valgerola-2.jpg","keywords":["agriturismo"],"articleSection":["Agriturismi"],"inLanguage":"it-IT","potentialAction":[{"@type":"CommentAction","name":"Comment","target":["https:\/\/www.agriturismiditalia.net\/blog\/agriturismo-ca-dla-pia-natura-e-relax-nel-cuore-della-valgerola\/#respond"]}]},{"@type":"WebPage","@id":"https:\/\/www.agriturismiditalia.net\/blog\/agriturismo-ca-dla-pia-natura-e-relax-nel-cuore-della-valgerola\/","url":"https:\/\/www.agriturismiditalia.net\/blog\/agriturismo-ca-dla-pia-natura-e-relax-nel-cuore-della-valgerola\/","name":"Agriturismo \"C\u00e0 dla Pia\", natura e relax nel cuore della Valgerola","isPartOf":{"@id":"https:\/\/www.agriturismiditalia.net\/blog\/#website"},"primaryImageOfPage":{"@id":"https:\/\/www.agriturismiditalia.net\/blog\/agriturismo-ca-dla-pia-natura-e-relax-nel-cuore-della-valgerola\/#primaryimage"},"image":{"@id":"https:\/\/www.agriturismiditalia.net\/blog\/agriturismo-ca-dla-pia-natura-e-relax-nel-cuore-della-valgerola\/#primaryimage"},"thumbnailUrl":"https:\/\/www.agriturismiditalia.net\/blog\/wp-content\/uploads\/2013\/07\/agriturismo-ca-dla-pia-natura-e-relax-nel-cuore-della-valgerola-2.jpg","datePublished":"2013-07-22T04:43:12+00:00","dateModified":"2016-10-17T04:30:58+00:00","description":"Una vacanza di relax, oasi di pace immersa nel verde della Valgerola, piatti tipici valtellinesi preparati con i prodotti genuini della propria tenuta.","breadcrumb":{"@id":"https:\/\/www.agriturismiditalia.net\/blog\/agriturismo-ca-dla-pia-natura-e-relax-nel-cuore-della-valgerola\/#breadcrumb"},"inLanguage":"it-IT","potentialAction":[{"@type":"ReadAction","target":["https:\/\/www.agriturismiditalia.net\/blog\/agriturismo-ca-dla-pia-natura-e-relax-nel-cuore-della-valgerola\/"]}]},{"@type":"ImageObject","inLanguage":"it-IT","@id":"https:\/\/www.agriturismiditalia.net\/blog\/agriturismo-ca-dla-pia-natura-e-relax-nel-cuore-della-valgerola\/#primaryimage","url":"https:\/\/www.agriturismiditalia.net\/blog\/wp-content\/uploads\/2013\/07\/agriturismo-ca-dla-pia-natura-e-relax-nel-cuore-della-valgerola-2.jpg","contentUrl":"https:\/\/www.agriturismiditalia.net\/blog\/wp-content\/uploads\/2013\/07\/agriturismo-ca-dla-pia-natura-e-relax-nel-cuore-della-valgerola-2.jpg","width":480,"height":335,"caption":"Agriturismo \"C\u00e0 dla Pia\", natura e relax nel cuore della Valgerola"},{"@type":"BreadcrumbList","@id":"https:\/\/www.agriturismiditalia.net\/blog\/agriturismo-ca-dla-pia-natura-e-relax-nel-cuore-della-valgerola\/#breadcrumb","itemListElement":[{"@type":"ListItem","position":1,"name":"Home","item":"https:\/\/www.agriturismiditalia.net\/blog\/"},{"@type":"ListItem","position":2,"name":"Agriturismo &#8220;C\u00e0 dla Pia&#8221;, natura e relax nel cuore della Valgerola"}]},{"@type":"WebSite","@id":"https:\/\/www.agriturismiditalia.net\/blog\/#website","url":"https:\/\/www.agriturismiditalia.net\/blog\/","name":"Blog Agriturismiditalia","description":"Portale dei migliori agriturismi in Italia","publisher":{"@id":"https:\/\/www.agriturismiditalia.net\/blog\/#organization"},"potentialAction":[{"@type":"SearchAction","target":{"@type":"EntryPoint","urlTemplate":"https:\/\/www.agriturismiditalia.net\/blog\/?s={search_term_string}"},"query-input":{"@type":"PropertyValueSpecification","valueRequired":true,"valueName":"search_term_string"}}],"inLanguage":"it-IT"},{"@type":"Organization","@id":"https:\/\/www.agriturismiditalia.net\/blog\/#organization","name":"Agriturismi d'Italia","url":"https:\/\/www.agriturismiditalia.net\/blog\/","logo":{"@type":"ImageObject","inLanguage":"it-IT","@id":"https:\/\/www.agriturismiditalia.net\/blog\/#\/schema\/logo\/image\/","url":"https:\/\/www.agriturismiditalia.net\/blog\/wp-content\/uploads\/2016\/07\/cropped-55x55-fronte.png","contentUrl":"https:\/\/www.agriturismiditalia.net\/blog\/wp-content\/uploads\/2016\/07\/cropped-55x55-fronte.png","width":512,"height":512,"caption":"Agriturismi d'Italia"},"image":{"@id":"https:\/\/www.agriturismiditalia.net\/blog\/#\/schema\/logo\/image\/"},"sameAs":["https:\/\/www.facebook.com\/portale.agriturismi\/","https:\/\/x.com\/portaleagritur"]},{"@type":"Person","@id":"https:\/\/www.agriturismiditalia.net\/blog\/#\/schema\/person\/5c808ad6a59133e92af0814078b20a6d","name":"Redazione","image":{"@type":"ImageObject","inLanguage":"it-IT","@id":"https:\/\/www.agriturismiditalia.net\/blog\/#\/schema\/person\/image\/","url":"https:\/\/secure.gravatar.com\/avatar\/528767f1f25b7e24e869d55b5f5a800c90d02802c2f9b0756554c6b52cfe4ee8?s=96&d=mm&r=g","contentUrl":"https:\/\/secure.gravatar.com\/avatar\/528767f1f25b7e24e869d55b5f5a800c90d02802c2f9b0756554c6b52cfe4ee8?s=96&d=mm&r=g","caption":"Redazione"},"url":"https:\/\/www.agriturismiditalia.net\/blog\/author\/admin\/"}]}},"_links":{"self":[{"href":"https:\/\/www.agriturismiditalia.net\/blog\/wp-json\/wp\/v2\/posts\/226","targetHints":{"allow":["GET"]}}],"collection":[{"href":"https:\/\/www.agriturismiditalia.net\/blog\/wp-json\/wp\/v2\/posts"}],"about":[{"href":"https:\/\/www.agriturismiditalia.net\/blog\/wp-json\/wp\/v2\/types\/post"}],"author":[{"embeddable":true,"href":"https:\/\/www.agriturismiditalia.net\/blog\/wp-json\/wp\/v2\/users\/1"}],"replies":[{"embeddable":true,"href":"https:\/\/www.agriturismiditalia.net\/blog\/wp-json\/wp\/v2\/comments?post=226"}],"version-history":[{"count":0,"href":"https:\/\/www.agriturismiditalia.net\/blog\/wp-json\/wp\/v2\/posts\/226\/revisions"}],"wp:featuredmedia":[{"embeddable":true,"href":"https:\/\/www.agriturismiditalia.net\/blog\/wp-json\/wp\/v2\/media\/443"}],"wp:attachment":[{"href":"https:\/\/www.agriturismiditalia.net\/blog\/wp-json\/wp\/v2\/media?parent=226"}],"wp:term":[{"taxonomy":"category","embeddable":true,"href":"https:\/\/www.agriturismiditalia.net\/blog\/wp-json\/wp\/v2\/categories?post=226"},{"taxonomy":"post_tag","embeddable":true,"href":"https:\/\/www.agriturismiditalia.net\/blog\/wp-json\/wp\/v2\/tags?post=226"}],"curies":[{"name":"wp","href":"https:\/\/api.w.org\/{rel}","templated":true}]}}