{"id":256,"date":"2013-09-16T06:00:50","date_gmt":"2013-09-16T06:00:50","guid":{"rendered":"http:\/\/www.agriturismiditalia.net\/blog\/?p=256"},"modified":"2016-09-28T15:27:47","modified_gmt":"2016-09-28T15:27:47","slug":"dai-monti-sicani-lolio-caruso-profuma-di-mediterraneo","status":"publish","type":"post","link":"https:\/\/www.agriturismiditalia.net\/blog\/dai-monti-sicani-lolio-caruso-profuma-di-mediterraneo\/","title":{"rendered":"Dai monti Sicani l&#8217;olio Caruso profuma di Mediterraneo"},"content":{"rendered":"<p>Dalle terre di Caltabellotta, in provincia di Agrigento, nasce l\u2019olio extravergine d\u2019Oliva Caruso, un olio fruttato prodotto in quello che un tempo era il feudo del Barone Bona. L&#8217;azienda agricola Caruso, si estende nei suoi 18 ettari di terreno, ad un\u2019altitudine di 700 metri sul livello del mare, in una delle pi\u00f9 antiche citt\u00e0 della Sicilia.<\/p>\n<p><strong>Territorio<\/strong> &#8211; Il territorio orientato a sud si affaccia sul Mediterraneo e comprende una morfologia prevalentemente collinare, divisa in parti coltivate ad olivo, vigneto e mandorleto, da cui si scopre la citt\u00e0 di Caltabellotta, adagiata sul Kratas, il lembo meridionale dei Monti Sicani. Una zona vocata da secoli alla coltivazione olivicola. L&#8217;olio di queste zone \u00e8 meritevole di nota proprio per la variet\u00e0 delle coltivazioni, la posizione geografica del territorio e del clima. La variet\u00e0 autoctona \u00e8 la Biancolilla, che si caratterizza dal vigore contenuto e dalla chioma espansa delle piante.<\/p>\n<p><strong>Azienda<\/strong> &#8211; <em><strong>La Caruso<\/strong><\/em> \u00e8 una giovane azienda agricola nata negli anni \u201980 da sempre gestita a conduzione familiare. Oggi le redini della coltivazione sono tenute dai fratelli Domenico e Pinuccia Caruso che dedicano il loro impegno principalmente alla produzione di oliveti e mandorleti. Nell\u2019ultimo anno l\u2019azienda ha intrapreso la strada della conversione al biologico ottenendo la certificazione da Icea Biosi. L\u2019olio Caruso proviene dalla molitura di olive Biancolilla, che gli conferiscono l\u2019inconfondibile colore verde dai riflessi dorati e il naturale aspetto velato.<\/p>\n<p><strong>Prodotti<\/strong> &#8211; L\u2019<em>extravergine BIOLOGICO d\u2019oliva Caruso<\/em> si fa apprezzare per l\u2019eccellente sapore corposo e rotondo di oliva verde, da cui spicca il leggero sentore di amaro e di piccante. Tra le note olfattive emergono il fruttato intenso ed equilibrato e il sentore di mandorle. La coltivazione biologica e la raccolta eseguita manualmente, nel periodo che va dalla met\u00e0 di settembre fino a novembre, regalano alta qualit\u00e0 al prodotto che si abbina bene con tutti i piatti della cucina mediterranea, in particolar modo con il pesce.<\/p>\n<p>Sito Web: <a href=\"http:\/\/www.oliocaruso.it\" target=\"_blank\">www.oliocaruso.it<\/a><\/p>\n","protected":false},"excerpt":{"rendered":"<p>Dalle terre di Caltabellotta, in provincia di Agrigento, nasce l\u2019olio extravergine d\u2019Oliva Caruso, un olio fruttato prodotto in quello che un tempo era il feudo del Barone Bona. L&#8217;azienda agricola Caruso, si estende nei suoi 18 ettari di terreno, ad un\u2019altitudine di 700 metri sul livello del mare, in una delle pi\u00f9 antiche citt\u00e0 della [&hellip;]<\/p>\n","protected":false},"author":1,"featured_media":473,"comment_status":"open","ping_status":"open","sticky":false,"template":"","format":"standard","meta":{"footnotes":""},"categories":[5],"tags":[26],"class_list":["post-256","post","type-post","status-publish","format-standard","has-post-thumbnail","hentry","category-recensioni","tag-recensione"],"yoast_head":"<!-- This site is optimized with the Yoast SEO plugin v25.4 - https:\/\/yoast.com\/wordpress\/plugins\/seo\/ -->\n<title>Dai monti Sicani l&#039;olio Caruso profuma di Mediterraneo<\/title>\n<meta name=\"robots\" content=\"index, follow, max-snippet:-1, max-image-preview:large, max-video-preview:-1\" \/>\n<link rel=\"canonical\" href=\"https:\/\/www.agriturismiditalia.net\/blog\/dai-monti-sicani-lolio-caruso-profuma-di-mediterraneo\/\" \/>\n<meta property=\"og:locale\" content=\"it_IT\" \/>\n<meta property=\"og:type\" content=\"article\" \/>\n<meta property=\"og:title\" content=\"Dai monti Sicani l&#039;olio Caruso profuma di Mediterraneo\" \/>\n<meta property=\"og:description\" content=\"Dalle terre di Caltabellotta, in provincia di Agrigento, nasce l\u2019olio extravergine d\u2019Oliva Caruso, un olio fruttato prodotto in quello che un tempo era il feudo del Barone Bona. L&#8217;azienda agricola Caruso, si estende nei suoi 18 ettari di terreno, ad un\u2019altitudine di 700 metri sul livello del mare, in una delle pi\u00f9 antiche citt\u00e0 della [&hellip;]\" \/>\n<meta property=\"og:url\" content=\"https:\/\/www.agriturismiditalia.net\/blog\/dai-monti-sicani-lolio-caruso-profuma-di-mediterraneo\/\" \/>\n<meta property=\"og:site_name\" content=\"Blog Agriturismiditalia\" \/>\n<meta property=\"article:publisher\" content=\"https:\/\/www.facebook.com\/portale.agriturismi\/\" \/>\n<meta property=\"article:published_time\" content=\"2013-09-16T06:00:50+00:00\" \/>\n<meta property=\"article:modified_time\" content=\"2016-09-28T15:27:47+00:00\" \/>\n<meta property=\"og:image\" content=\"https:\/\/www.agriturismiditalia.net\/blog\/wp-content\/uploads\/2013\/09\/dai-monti-sicani-lolio-caruso-profuma-di-mediterraneo-2.jpg\" \/>\n\t<meta property=\"og:image:width\" content=\"600\" \/>\n\t<meta property=\"og:image:height\" content=\"350\" \/>\n\t<meta property=\"og:image:type\" content=\"image\/jpeg\" \/>\n<meta name=\"author\" content=\"Redazione\" \/>\n<meta name=\"twitter:card\" content=\"summary_large_image\" \/>\n<meta name=\"twitter:creator\" content=\"@portaleagritur\" \/>\n<meta name=\"twitter:site\" content=\"@portaleagritur\" \/>\n<meta name=\"twitter:label1\" content=\"Scritto da\" \/>\n\t<meta name=\"twitter:data1\" content=\"Redazione\" \/>\n\t<meta name=\"twitter:label2\" content=\"Tempo di lettura stimato\" \/>\n\t<meta name=\"twitter:data2\" content=\"2 minuti\" \/>\n<script type=\"application\/ld+json\" class=\"yoast-schema-graph\">{\"@context\":\"https:\/\/schema.org\",\"@graph\":[{\"@type\":\"Article\",\"@id\":\"https:\/\/www.agriturismiditalia.net\/blog\/dai-monti-sicani-lolio-caruso-profuma-di-mediterraneo\/#article\",\"isPartOf\":{\"@id\":\"https:\/\/www.agriturismiditalia.net\/blog\/dai-monti-sicani-lolio-caruso-profuma-di-mediterraneo\/\"},\"author\":{\"name\":\"Redazione\",\"@id\":\"https:\/\/www.agriturismiditalia.net\/blog\/#\/schema\/person\/5c808ad6a59133e92af0814078b20a6d\"},\"headline\":\"Dai monti Sicani l&#8217;olio Caruso profuma di Mediterraneo\",\"datePublished\":\"2013-09-16T06:00:50+00:00\",\"dateModified\":\"2016-09-28T15:27:47+00:00\",\"mainEntityOfPage\":{\"@id\":\"https:\/\/www.agriturismiditalia.net\/blog\/dai-monti-sicani-lolio-caruso-profuma-di-mediterraneo\/\"},\"wordCount\":332,\"commentCount\":0,\"publisher\":{\"@id\":\"https:\/\/www.agriturismiditalia.net\/blog\/#organization\"},\"image\":{\"@id\":\"https:\/\/www.agriturismiditalia.net\/blog\/dai-monti-sicani-lolio-caruso-profuma-di-mediterraneo\/#primaryimage\"},\"thumbnailUrl\":\"https:\/\/www.agriturismiditalia.net\/blog\/wp-content\/uploads\/2013\/09\/dai-monti-sicani-lolio-caruso-profuma-di-mediterraneo-2.jpg\",\"keywords\":[\"recensione\"],\"articleSection\":[\"Recensioni\"],\"inLanguage\":\"it-IT\",\"potentialAction\":[{\"@type\":\"CommentAction\",\"name\":\"Comment\",\"target\":[\"https:\/\/www.agriturismiditalia.net\/blog\/dai-monti-sicani-lolio-caruso-profuma-di-mediterraneo\/#respond\"]}]},{\"@type\":\"WebPage\",\"@id\":\"https:\/\/www.agriturismiditalia.net\/blog\/dai-monti-sicani-lolio-caruso-profuma-di-mediterraneo\/\",\"url\":\"https:\/\/www.agriturismiditalia.net\/blog\/dai-monti-sicani-lolio-caruso-profuma-di-mediterraneo\/\",\"name\":\"Dai monti Sicani l'olio Caruso profuma di Mediterraneo\",\"isPartOf\":{\"@id\":\"https:\/\/www.agriturismiditalia.net\/blog\/#website\"},\"primaryImageOfPage\":{\"@id\":\"https:\/\/www.agriturismiditalia.net\/blog\/dai-monti-sicani-lolio-caruso-profuma-di-mediterraneo\/#primaryimage\"},\"image\":{\"@id\":\"https:\/\/www.agriturismiditalia.net\/blog\/dai-monti-sicani-lolio-caruso-profuma-di-mediterraneo\/#primaryimage\"},\"thumbnailUrl\":\"https:\/\/www.agriturismiditalia.net\/blog\/wp-content\/uploads\/2013\/09\/dai-monti-sicani-lolio-caruso-profuma-di-mediterraneo-2.jpg\",\"datePublished\":\"2013-09-16T06:00:50+00:00\",\"dateModified\":\"2016-09-28T15:27:47+00:00\",\"breadcrumb\":{\"@id\":\"https:\/\/www.agriturismiditalia.net\/blog\/dai-monti-sicani-lolio-caruso-profuma-di-mediterraneo\/#breadcrumb\"},\"inLanguage\":\"it-IT\",\"potentialAction\":[{\"@type\":\"ReadAction\",\"target\":[\"https:\/\/www.agriturismiditalia.net\/blog\/dai-monti-sicani-lolio-caruso-profuma-di-mediterraneo\/\"]}]},{\"@type\":\"ImageObject\",\"inLanguage\":\"it-IT\",\"@id\":\"https:\/\/www.agriturismiditalia.net\/blog\/dai-monti-sicani-lolio-caruso-profuma-di-mediterraneo\/#primaryimage\",\"url\":\"https:\/\/www.agriturismiditalia.net\/blog\/wp-content\/uploads\/2013\/09\/dai-monti-sicani-lolio-caruso-profuma-di-mediterraneo-2.jpg\",\"contentUrl\":\"https:\/\/www.agriturismiditalia.net\/blog\/wp-content\/uploads\/2013\/09\/dai-monti-sicani-lolio-caruso-profuma-di-mediterraneo-2.jpg\",\"width\":600,\"height\":350,\"caption\":\"Dai monti Sicani l'olio Caruso profuma di Mediterraneo\"},{\"@type\":\"BreadcrumbList\",\"@id\":\"https:\/\/www.agriturismiditalia.net\/blog\/dai-monti-sicani-lolio-caruso-profuma-di-mediterraneo\/#breadcrumb\",\"itemListElement\":[{\"@type\":\"ListItem\",\"position\":1,\"name\":\"Home\",\"item\":\"https:\/\/www.agriturismiditalia.net\/blog\/\"},{\"@type\":\"ListItem\",\"position\":2,\"name\":\"Dai monti Sicani l&#8217;olio Caruso profuma di Mediterraneo\"}]},{\"@type\":\"WebSite\",\"@id\":\"https:\/\/www.agriturismiditalia.net\/blog\/#website\",\"url\":\"https:\/\/www.agriturismiditalia.net\/blog\/\",\"name\":\"Blog Agriturismiditalia\",\"description\":\"Portale dei migliori agriturismi in Italia\",\"publisher\":{\"@id\":\"https:\/\/www.agriturismiditalia.net\/blog\/#organization\"},\"potentialAction\":[{\"@type\":\"SearchAction\",\"target\":{\"@type\":\"EntryPoint\",\"urlTemplate\":\"https:\/\/www.agriturismiditalia.net\/blog\/?s={search_term_string}\"},\"query-input\":{\"@type\":\"PropertyValueSpecification\",\"valueRequired\":true,\"valueName\":\"search_term_string\"}}],\"inLanguage\":\"it-IT\"},{\"@type\":\"Organization\",\"@id\":\"https:\/\/www.agriturismiditalia.net\/blog\/#organization\",\"name\":\"Agriturismi d'Italia\",\"url\":\"https:\/\/www.agriturismiditalia.net\/blog\/\",\"logo\":{\"@type\":\"ImageObject\",\"inLanguage\":\"it-IT\",\"@id\":\"https:\/\/www.agriturismiditalia.net\/blog\/#\/schema\/logo\/image\/\",\"url\":\"https:\/\/www.agriturismiditalia.net\/blog\/wp-content\/uploads\/2016\/07\/cropped-55x55-fronte.png\",\"contentUrl\":\"https:\/\/www.agriturismiditalia.net\/blog\/wp-content\/uploads\/2016\/07\/cropped-55x55-fronte.png\",\"width\":512,\"height\":512,\"caption\":\"Agriturismi d'Italia\"},\"image\":{\"@id\":\"https:\/\/www.agriturismiditalia.net\/blog\/#\/schema\/logo\/image\/\"},\"sameAs\":[\"https:\/\/www.facebook.com\/portale.agriturismi\/\",\"https:\/\/x.com\/portaleagritur\"]},{\"@type\":\"Person\",\"@id\":\"https:\/\/www.agriturismiditalia.net\/blog\/#\/schema\/person\/5c808ad6a59133e92af0814078b20a6d\",\"name\":\"Redazione\",\"image\":{\"@type\":\"ImageObject\",\"inLanguage\":\"it-IT\",\"@id\":\"https:\/\/www.agriturismiditalia.net\/blog\/#\/schema\/person\/image\/\",\"url\":\"https:\/\/secure.gravatar.com\/avatar\/528767f1f25b7e24e869d55b5f5a800c90d02802c2f9b0756554c6b52cfe4ee8?s=96&d=mm&r=g\",\"contentUrl\":\"https:\/\/secure.gravatar.com\/avatar\/528767f1f25b7e24e869d55b5f5a800c90d02802c2f9b0756554c6b52cfe4ee8?s=96&d=mm&r=g\",\"caption\":\"Redazione\"},\"url\":\"https:\/\/www.agriturismiditalia.net\/blog\/author\/admin\/\"}]}<\/script>\n<!-- \/ Yoast SEO plugin. -->","yoast_head_json":{"title":"Dai monti Sicani l'olio Caruso profuma di Mediterraneo","robots":{"index":"index","follow":"follow","max-snippet":"max-snippet:-1","max-image-preview":"max-image-preview:large","max-video-preview":"max-video-preview:-1"},"canonical":"https:\/\/www.agriturismiditalia.net\/blog\/dai-monti-sicani-lolio-caruso-profuma-di-mediterraneo\/","og_locale":"it_IT","og_type":"article","og_title":"Dai monti Sicani l'olio Caruso profuma di Mediterraneo","og_description":"Dalle terre di Caltabellotta, in provincia di Agrigento, nasce l\u2019olio extravergine d\u2019Oliva Caruso, un olio fruttato prodotto in quello che un tempo era il feudo del Barone Bona. L&#8217;azienda agricola Caruso, si estende nei suoi 18 ettari di terreno, ad un\u2019altitudine di 700 metri sul livello del mare, in una delle pi\u00f9 antiche citt\u00e0 della [&hellip;]","og_url":"https:\/\/www.agriturismiditalia.net\/blog\/dai-monti-sicani-lolio-caruso-profuma-di-mediterraneo\/","og_site_name":"Blog Agriturismiditalia","article_publisher":"https:\/\/www.facebook.com\/portale.agriturismi\/","article_published_time":"2013-09-16T06:00:50+00:00","article_modified_time":"2016-09-28T15:27:47+00:00","og_image":[{"width":600,"height":350,"url":"https:\/\/www.agriturismiditalia.net\/blog\/wp-content\/uploads\/2013\/09\/dai-monti-sicani-lolio-caruso-profuma-di-mediterraneo-2.jpg","type":"image\/jpeg"}],"author":"Redazione","twitter_card":"summary_large_image","twitter_creator":"@portaleagritur","twitter_site":"@portaleagritur","twitter_misc":{"Scritto da":"Redazione","Tempo di lettura stimato":"2 minuti"},"schema":{"@context":"https:\/\/schema.org","@graph":[{"@type":"Article","@id":"https:\/\/www.agriturismiditalia.net\/blog\/dai-monti-sicani-lolio-caruso-profuma-di-mediterraneo\/#article","isPartOf":{"@id":"https:\/\/www.agriturismiditalia.net\/blog\/dai-monti-sicani-lolio-caruso-profuma-di-mediterraneo\/"},"author":{"name":"Redazione","@id":"https:\/\/www.agriturismiditalia.net\/blog\/#\/schema\/person\/5c808ad6a59133e92af0814078b20a6d"},"headline":"Dai monti Sicani l&#8217;olio Caruso profuma di Mediterraneo","datePublished":"2013-09-16T06:00:50+00:00","dateModified":"2016-09-28T15:27:47+00:00","mainEntityOfPage":{"@id":"https:\/\/www.agriturismiditalia.net\/blog\/dai-monti-sicani-lolio-caruso-profuma-di-mediterraneo\/"},"wordCount":332,"commentCount":0,"publisher":{"@id":"https:\/\/www.agriturismiditalia.net\/blog\/#organization"},"image":{"@id":"https:\/\/www.agriturismiditalia.net\/blog\/dai-monti-sicani-lolio-caruso-profuma-di-mediterraneo\/#primaryimage"},"thumbnailUrl":"https:\/\/www.agriturismiditalia.net\/blog\/wp-content\/uploads\/2013\/09\/dai-monti-sicani-lolio-caruso-profuma-di-mediterraneo-2.jpg","keywords":["recensione"],"articleSection":["Recensioni"],"inLanguage":"it-IT","potentialAction":[{"@type":"CommentAction","name":"Comment","target":["https:\/\/www.agriturismiditalia.net\/blog\/dai-monti-sicani-lolio-caruso-profuma-di-mediterraneo\/#respond"]}]},{"@type":"WebPage","@id":"https:\/\/www.agriturismiditalia.net\/blog\/dai-monti-sicani-lolio-caruso-profuma-di-mediterraneo\/","url":"https:\/\/www.agriturismiditalia.net\/blog\/dai-monti-sicani-lolio-caruso-profuma-di-mediterraneo\/","name":"Dai monti Sicani l'olio Caruso profuma di Mediterraneo","isPartOf":{"@id":"https:\/\/www.agriturismiditalia.net\/blog\/#website"},"primaryImageOfPage":{"@id":"https:\/\/www.agriturismiditalia.net\/blog\/dai-monti-sicani-lolio-caruso-profuma-di-mediterraneo\/#primaryimage"},"image":{"@id":"https:\/\/www.agriturismiditalia.net\/blog\/dai-monti-sicani-lolio-caruso-profuma-di-mediterraneo\/#primaryimage"},"thumbnailUrl":"https:\/\/www.agriturismiditalia.net\/blog\/wp-content\/uploads\/2013\/09\/dai-monti-sicani-lolio-caruso-profuma-di-mediterraneo-2.jpg","datePublished":"2013-09-16T06:00:50+00:00","dateModified":"2016-09-28T15:27:47+00:00","breadcrumb":{"@id":"https:\/\/www.agriturismiditalia.net\/blog\/dai-monti-sicani-lolio-caruso-profuma-di-mediterraneo\/#breadcrumb"},"inLanguage":"it-IT","potentialAction":[{"@type":"ReadAction","target":["https:\/\/www.agriturismiditalia.net\/blog\/dai-monti-sicani-lolio-caruso-profuma-di-mediterraneo\/"]}]},{"@type":"ImageObject","inLanguage":"it-IT","@id":"https:\/\/www.agriturismiditalia.net\/blog\/dai-monti-sicani-lolio-caruso-profuma-di-mediterraneo\/#primaryimage","url":"https:\/\/www.agriturismiditalia.net\/blog\/wp-content\/uploads\/2013\/09\/dai-monti-sicani-lolio-caruso-profuma-di-mediterraneo-2.jpg","contentUrl":"https:\/\/www.agriturismiditalia.net\/blog\/wp-content\/uploads\/2013\/09\/dai-monti-sicani-lolio-caruso-profuma-di-mediterraneo-2.jpg","width":600,"height":350,"caption":"Dai monti Sicani l'olio Caruso profuma di Mediterraneo"},{"@type":"BreadcrumbList","@id":"https:\/\/www.agriturismiditalia.net\/blog\/dai-monti-sicani-lolio-caruso-profuma-di-mediterraneo\/#breadcrumb","itemListElement":[{"@type":"ListItem","position":1,"name":"Home","item":"https:\/\/www.agriturismiditalia.net\/blog\/"},{"@type":"ListItem","position":2,"name":"Dai monti Sicani l&#8217;olio Caruso profuma di Mediterraneo"}]},{"@type":"WebSite","@id":"https:\/\/www.agriturismiditalia.net\/blog\/#website","url":"https:\/\/www.agriturismiditalia.net\/blog\/","name":"Blog Agriturismiditalia","description":"Portale dei migliori agriturismi in Italia","publisher":{"@id":"https:\/\/www.agriturismiditalia.net\/blog\/#organization"},"potentialAction":[{"@type":"SearchAction","target":{"@type":"EntryPoint","urlTemplate":"https:\/\/www.agriturismiditalia.net\/blog\/?s={search_term_string}"},"query-input":{"@type":"PropertyValueSpecification","valueRequired":true,"valueName":"search_term_string"}}],"inLanguage":"it-IT"},{"@type":"Organization","@id":"https:\/\/www.agriturismiditalia.net\/blog\/#organization","name":"Agriturismi d'Italia","url":"https:\/\/www.agriturismiditalia.net\/blog\/","logo":{"@type":"ImageObject","inLanguage":"it-IT","@id":"https:\/\/www.agriturismiditalia.net\/blog\/#\/schema\/logo\/image\/","url":"https:\/\/www.agriturismiditalia.net\/blog\/wp-content\/uploads\/2016\/07\/cropped-55x55-fronte.png","contentUrl":"https:\/\/www.agriturismiditalia.net\/blog\/wp-content\/uploads\/2016\/07\/cropped-55x55-fronte.png","width":512,"height":512,"caption":"Agriturismi d'Italia"},"image":{"@id":"https:\/\/www.agriturismiditalia.net\/blog\/#\/schema\/logo\/image\/"},"sameAs":["https:\/\/www.facebook.com\/portale.agriturismi\/","https:\/\/x.com\/portaleagritur"]},{"@type":"Person","@id":"https:\/\/www.agriturismiditalia.net\/blog\/#\/schema\/person\/5c808ad6a59133e92af0814078b20a6d","name":"Redazione","image":{"@type":"ImageObject","inLanguage":"it-IT","@id":"https:\/\/www.agriturismiditalia.net\/blog\/#\/schema\/person\/image\/","url":"https:\/\/secure.gravatar.com\/avatar\/528767f1f25b7e24e869d55b5f5a800c90d02802c2f9b0756554c6b52cfe4ee8?s=96&d=mm&r=g","contentUrl":"https:\/\/secure.gravatar.com\/avatar\/528767f1f25b7e24e869d55b5f5a800c90d02802c2f9b0756554c6b52cfe4ee8?s=96&d=mm&r=g","caption":"Redazione"},"url":"https:\/\/www.agriturismiditalia.net\/blog\/author\/admin\/"}]}},"_links":{"self":[{"href":"https:\/\/www.agriturismiditalia.net\/blog\/wp-json\/wp\/v2\/posts\/256","targetHints":{"allow":["GET"]}}],"collection":[{"href":"https:\/\/www.agriturismiditalia.net\/blog\/wp-json\/wp\/v2\/posts"}],"about":[{"href":"https:\/\/www.agriturismiditalia.net\/blog\/wp-json\/wp\/v2\/types\/post"}],"author":[{"embeddable":true,"href":"https:\/\/www.agriturismiditalia.net\/blog\/wp-json\/wp\/v2\/users\/1"}],"replies":[{"embeddable":true,"href":"https:\/\/www.agriturismiditalia.net\/blog\/wp-json\/wp\/v2\/comments?post=256"}],"version-history":[{"count":0,"href":"https:\/\/www.agriturismiditalia.net\/blog\/wp-json\/wp\/v2\/posts\/256\/revisions"}],"wp:featuredmedia":[{"embeddable":true,"href":"https:\/\/www.agriturismiditalia.net\/blog\/wp-json\/wp\/v2\/media\/473"}],"wp:attachment":[{"href":"https:\/\/www.agriturismiditalia.net\/blog\/wp-json\/wp\/v2\/media?parent=256"}],"wp:term":[{"taxonomy":"category","embeddable":true,"href":"https:\/\/www.agriturismiditalia.net\/blog\/wp-json\/wp\/v2\/categories?post=256"},{"taxonomy":"post_tag","embeddable":true,"href":"https:\/\/www.agriturismiditalia.net\/blog\/wp-json\/wp\/v2\/tags?post=256"}],"curies":[{"name":"wp","href":"https:\/\/api.w.org\/{rel}","templated":true}]}}